{"id":1208,"date":"2022-03-02T20:57:56","date_gmt":"2022-03-02T23:57:56","guid":{"rendered":"http:\/\/eetn1.edu.ar\/?p=1208"},"modified":"2022-03-02T21:07:02","modified_gmt":"2022-03-03T00:07:02","slug":"modulo-para-ingreso-a-1er-ano-matematica","status":"publish","type":"post","link":"https:\/\/eetn1.edu.ar\/?p=1208","title":{"rendered":"M\u00f3dulo para Ingreso a 1er a\u00f1o Matem\u00e1tica"},"content":{"rendered":"\n<figure class=\"wp-block-image size-large\"><a href=\"https:\/\/drive.google.com\/drive\/u\/3\/folders\/190aPTkxhM6_6cQaDRUYv99hgMlOvRaSL\"><img loading=\"lazy\" decoding=\"async\" width=\"724\" height=\"1024\" src=\"http:\/\/eetn1.edu.ar\/wp-content\/uploads\/2022\/03\/PORTADA-724x1024.jpg\" alt=\"\" class=\"wp-image-1209\" srcset=\"https:\/\/eetn1.edu.ar\/wp-content\/uploads\/2022\/03\/PORTADA-724x1024.jpg 724w, https:\/\/eetn1.edu.ar\/wp-content\/uploads\/2022\/03\/PORTADA-212x300.jpg 212w, https:\/\/eetn1.edu.ar\/wp-content\/uploads\/2022\/03\/PORTADA-768x1086.jpg 768w, https:\/\/eetn1.edu.ar\/wp-content\/uploads\/2022\/03\/PORTADA-1086x1536.jpg 1086w, https:\/\/eetn1.edu.ar\/wp-content\/uploads\/2022\/03\/PORTADA-1448x2048.jpg 1448w, https:\/\/eetn1.edu.ar\/wp-content\/uploads\/2022\/03\/PORTADA.jpg 1654w\" sizes=\"auto, (max-width: 724px) 100vw, 724px\" \/><\/a><figcaption><a href=\"https:\/\/drive.google.com\/drive\/u\/3\/folders\/190aPTkxhM6_6cQaDRUYv99hgMlOvRaSL\">Descar desde la image o desde aqu\u00ed<\/a><\/figcaption><\/figure>\n\n\n\n<p>Debe concurrir con el m\u00f3dulo impreso. <\/p>\n","protected":false},"excerpt":{"rendered":"<p>Debe concurrir con el m\u00f3dulo impreso.<\/p>\n","protected":false},"author":1,"featured_media":0,"comment_status":"closed","ping_status":"closed","sticky":false,"template":"","format":"standard","meta":{"om_disable_all_campaigns":false,"_monsterinsights_skip_tracking":false,"_monsterinsights_sitenote_active":false,"_monsterinsights_sitenote_note":"","_monsterinsights_sitenote_category":0,"_jetpack_memberships_contains_paid_content":false,"footnotes":""},"categories":[1],"tags":[],"class_list":["post-1208","post","type-post","status-publish","format-standard","hentry","category-institucionales-alumnos-padres-y-docentes"],"aioseo_notices":[],"jetpack_featured_media_url":"","jetpack_sharing_enabled":true,"_links":{"self":[{"href":"https:\/\/eetn1.edu.ar\/index.php?rest_route=\/wp\/v2\/posts\/1208","targetHints":{"allow":["GET"]}}],"collection":[{"href":"https:\/\/eetn1.edu.ar\/index.php?rest_route=\/wp\/v2\/posts"}],"about":[{"href":"https:\/\/eetn1.edu.ar\/index.php?rest_route=\/wp\/v2\/types\/post"}],"author":[{"embeddable":true,"href":"https:\/\/eetn1.edu.ar\/index.php?rest_route=\/wp\/v2\/users\/1"}],"replies":[{"embeddable":true,"href":"https:\/\/eetn1.edu.ar\/index.php?rest_route=%2Fwp%2Fv2%2Fcomments&post=1208"}],"version-history":[{"count":2,"href":"https:\/\/eetn1.edu.ar\/index.php?rest_route=\/wp\/v2\/posts\/1208\/revisions"}],"predecessor-version":[{"id":1211,"href":"https:\/\/eetn1.edu.ar\/index.php?rest_route=\/wp\/v2\/posts\/1208\/revisions\/1211"}],"wp:attachment":[{"href":"https:\/\/eetn1.edu.ar\/index.php?rest_route=%2Fwp%2Fv2%2Fmedia&parent=1208"}],"wp:term":[{"taxonomy":"category","embeddable":true,"href":"https:\/\/eetn1.edu.ar\/index.php?rest_route=%2Fwp%2Fv2%2Fcategories&post=1208"},{"taxonomy":"post_tag","embeddable":true,"href":"https:\/\/eetn1.edu.ar\/index.php?rest_route=%2Fwp%2Fv2%2Ftags&post=1208"}],"curies":[{"name":"wp","href":"https:\/\/api.w.org\/{rel}","templated":true}]}}