{"id":1243,"date":"2022-03-20T18:48:05","date_gmt":"2022-03-20T21:48:05","guid":{"rendered":"http:\/\/eetn1.edu.ar\/?p=1243"},"modified":"2022-03-20T18:48:05","modified_gmt":"2022-03-20T21:48:05","slug":"practias-formativas-2022","status":"publish","type":"post","link":"https:\/\/eetn1.edu.ar\/?p=1243","title":{"rendered":"Pr\u00e1ctias Formativas 2022"},"content":{"rendered":"\n<p class=\"has-text-align-left\">El pasado viernes 18 de marzo, se reuni\u00f3 el Sr. Vicedirector Diego Blanco Profesor de Pr\u00e1ctica Profesionalizante del Sector Electr\u00f3nica para 7mo a\u00f1o con la Lic. Mirtha Caffaro propietaria de MC Tecno instituci\u00f3n oferente de las Pr\u00e1cticas Formativas en estos \u00faltimos 9 a\u00f1os siendo una de las primeras instituciones del sector que viene apoyando la Propuesta del Consejo Provincial de Educaci\u00f3n y Trabajo -COPRET-<\/p>\n\n\n\n<p>En dicha oportunidad se abord\u00f3 la agenda de trabajo 2022, la cual abarc\u00f3 desde la planificaci\u00f3n de actividades conjuntas de capacitaci\u00f3n aplicadas sobre Responsabilidad Social Empresaria&nbsp; que permitir\u00e1n reforzar los ejes de trabajo institucional sobre participaci\u00f3n ciudadana que lleva adelante la escuela vinculando en el \u00faltimo a\u00f1o al alumnado cursante con instituciones de bien p\u00fabico como Fundaci\u00f3n Infancia en Riesgo, Rotary Nova Mar del Plata, entre otras.<\/p>\n\n\n\n<p>Desde los entornos formativos in situ al igual que en el 2021 se llevar\u00e1n a cabo capacitaciones t\u00e9cnicas con la Empresa Ubertrack, y para este a\u00f1o se prev\u00e9 el fortalecimiento de saberes vinculados con la implementaci\u00f3n de smarth city abordando tareas de capacitaci\u00f3n sobre conectividad y protecci\u00f3n el\u00e9ctrica y electr\u00f3nica con reconocido oferente del sector.<\/p>\n\n\n\n<p>Desde lo propiamente t\u00e9cnico se trabajar\u00e1 en el formato de estaciones de trabajo por sector implementando la puesta en pr\u00e1ctica de saberes basados en el montaje de sistemas electr\u00f3nicos e inform\u00e1ticos personales y profesionales que abarquen desde la reparaci\u00f3n, mantenimiento, actualizaci\u00f3n y puesta en valor de redes basadas en teleinform\u00e1tica\/telecomunicaciones.<\/p>\n\n\n\n<p>Finalmente es de destacar que para este presente ciclo lectivo se incorpora como responsable del sector donde se realizar\u00e1n las Pr\u00e1cticas Profesionalizantes el actual T\u00e9cnico Electr\u00f3nico Facundo Barra egresado recientemente de la escuela.<\/p>\n\n\n\n<figure class=\"wp-block-image size-large\"><img loading=\"lazy\" decoding=\"async\" width=\"768\" height=\"1024\" src=\"http:\/\/eetn1.edu.ar\/wp-content\/uploads\/2022\/03\/1.jpg\" alt=\"\" class=\"wp-image-1244\" srcset=\"https:\/\/eetn1.edu.ar\/wp-content\/uploads\/2022\/03\/1.jpg 768w, https:\/\/eetn1.edu.ar\/wp-content\/uploads\/2022\/03\/1-225x300.jpg 225w\" sizes=\"auto, (max-width: 767px) 89vw, (max-width: 1000px) 54vw, (max-width: 1071px) 543px, 580px\" \/><figcaption>El Sr. vicedirector Diego Blanco en reuni\u00f3n de trabajo con la Lic. Mirtha Caffaro propietaria de MC Tecno<\/figcaption><\/figure>\n\n\n\n<figure class=\"wp-block-image size-large\"><img loading=\"lazy\" decoding=\"async\" width=\"1024\" height=\"769\" src=\"http:\/\/eetn1.edu.ar\/wp-content\/uploads\/2022\/03\/2.jpg\" alt=\"\" class=\"wp-image-1245\" srcset=\"https:\/\/eetn1.edu.ar\/wp-content\/uploads\/2022\/03\/2.jpg 1024w, https:\/\/eetn1.edu.ar\/wp-content\/uploads\/2022\/03\/2-300x225.jpg 300w, https:\/\/eetn1.edu.ar\/wp-content\/uploads\/2022\/03\/2-768x577.jpg 768w\" sizes=\"auto, (max-width: 767px) 89vw, (max-width: 1000px) 54vw, (max-width: 1071px) 543px, 580px\" \/><figcaption>              El T\u00e9c. Electr\u00f3nico Facundo Barra egresado 2021 -actualmente parte del staff de MC Tecno.<\/figcaption><\/figure>\n","protected":false},"excerpt":{"rendered":"<p>El pasado viernes 18 de marzo, se reuni\u00f3 el Sr. Vicedirector Diego Blanco Profesor de Pr\u00e1ctica Profesionalizante del Sector Electr\u00f3nica para 7mo a\u00f1o con la Lic. Mirtha Caffaro propietaria de MC Tecno instituci\u00f3n oferente de las Pr\u00e1cticas Formativas en estos \u00faltimos 9 a\u00f1os siendo una de las primeras instituciones del sector que viene apoyando la &hellip; <\/p>\n<p class=\"link-more\"><a href=\"https:\/\/eetn1.edu.ar\/?p=1243\" class=\"more-link\">Continuar leyendo<span class=\"screen-reader-text\"> \u00abPr\u00e1ctias Formativas 2022\u00bb<\/span><\/a><\/p>\n","protected":false},"author":1,"featured_media":0,"comment_status":"closed","ping_status":"closed","sticky":false,"template":"","format":"standard","meta":{"om_disable_all_campaigns":false,"_monsterinsights_skip_tracking":false,"_monsterinsights_sitenote_active":false,"_monsterinsights_sitenote_note":"","_monsterinsights_sitenote_category":0,"_jetpack_memberships_contains_paid_content":false,"footnotes":""},"categories":[1],"tags":[],"class_list":["post-1243","post","type-post","status-publish","format-standard","hentry","category-institucionales-alumnos-padres-y-docentes"],"aioseo_notices":[],"jetpack_featured_media_url":"","jetpack_sharing_enabled":true,"_links":{"self":[{"href":"https:\/\/eetn1.edu.ar\/index.php?rest_route=\/wp\/v2\/posts\/1243","targetHints":{"allow":["GET"]}}],"collection":[{"href":"https:\/\/eetn1.edu.ar\/index.php?rest_route=\/wp\/v2\/posts"}],"about":[{"href":"https:\/\/eetn1.edu.ar\/index.php?rest_route=\/wp\/v2\/types\/post"}],"author":[{"embeddable":true,"href":"https:\/\/eetn1.edu.ar\/index.php?rest_route=\/wp\/v2\/users\/1"}],"replies":[{"embeddable":true,"href":"https:\/\/eetn1.edu.ar\/index.php?rest_route=%2Fwp%2Fv2%2Fcomments&post=1243"}],"version-history":[{"count":2,"href":"https:\/\/eetn1.edu.ar\/index.php?rest_route=\/wp\/v2\/posts\/1243\/revisions"}],"predecessor-version":[{"id":1247,"href":"https:\/\/eetn1.edu.ar\/index.php?rest_route=\/wp\/v2\/posts\/1243\/revisions\/1247"}],"wp:attachment":[{"href":"https:\/\/eetn1.edu.ar\/index.php?rest_route=%2Fwp%2Fv2%2Fmedia&parent=1243"}],"wp:term":[{"taxonomy":"category","embeddable":true,"href":"https:\/\/eetn1.edu.ar\/index.php?rest_route=%2Fwp%2Fv2%2Fcategories&post=1243"},{"taxonomy":"post_tag","embeddable":true,"href":"https:\/\/eetn1.edu.ar\/index.php?rest_route=%2Fwp%2Fv2%2Ftags&post=1243"}],"curies":[{"name":"wp","href":"https:\/\/api.w.org\/{rel}","templated":true}]}}