{"id":1389,"date":"2022-07-02T15:28:53","date_gmt":"2022-07-02T18:28:53","guid":{"rendered":"https:\/\/eetn1.edu.ar\/?p=1389"},"modified":"2022-07-02T17:45:13","modified_gmt":"2022-07-02T20:45:13","slug":"jornada-de-acondicionamiento-aulico","status":"publish","type":"post","link":"https:\/\/eetn1.edu.ar\/?p=1389","title":{"rendered":"Jornada de Acondicionamiento \u00c1ulico"},"content":{"rendered":"\n<figure class=\"wp-block-image size-large\"><img loading=\"lazy\" decoding=\"async\" width=\"1024\" height=\"1024\" src=\"http:\/\/eetn1.edu.ar\/wp-content\/uploads\/2022\/07\/20220702_151424181522848705237985-1024x1024.jpg\" alt=\"\" class=\"wp-image-1388\" srcset=\"https:\/\/eetn1.edu.ar\/wp-content\/uploads\/2022\/07\/20220702_151424181522848705237985-1024x1024.jpg 1024w, https:\/\/eetn1.edu.ar\/wp-content\/uploads\/2022\/07\/20220702_151424181522848705237985-300x300.jpg 300w, https:\/\/eetn1.edu.ar\/wp-content\/uploads\/2022\/07\/20220702_151424181522848705237985-150x150.jpg 150w, https:\/\/eetn1.edu.ar\/wp-content\/uploads\/2022\/07\/20220702_151424181522848705237985-768x768.jpg 768w, https:\/\/eetn1.edu.ar\/wp-content\/uploads\/2022\/07\/20220702_151424181522848705237985-1536x1536.jpg 1536w, https:\/\/eetn1.edu.ar\/wp-content\/uploads\/2022\/07\/20220702_151424181522848705237985-2048x2048.jpg 2048w, https:\/\/eetn1.edu.ar\/wp-content\/uploads\/2022\/07\/20220702_151424181522848705237985-100x100.jpg 100w\" sizes=\"auto, (max-width: 767px) 89vw, (max-width: 1000px) 54vw, (max-width: 1071px) 543px, 580px\" \/><figcaption>Alumnos y director tarbajan conjutamente<\/figcaption><\/figure>\n\n\n\n<p>Durante la ma\u00f1ana del s\u00e1bado 2 de julio se llev\u00f3 adelante la jornada voluntaria de mantenimiento de bancos y aulas en su primera etapa para la cual se cont\u00f3 con la coordinaci\u00f3n general del Sr. Director Ingeniero Daniel Braghette y un grupo de alumnos de distintos cursos y divisiones quienes  han demostrado un gran entusiasmo y compromiso para con ellos y con sus compa\u00f1eros de escuela. Finalmente record\u00f3 nuestro director que vivimos tiempos dif\u00edciles que dejan marcas pero que la escuela estuvo y est\u00e1 abierta y nos invita a reflexionar que siempre debe haber lugar para la palabra, el trabajo colaborativo y cooperativo.<\/p>\n","protected":false},"excerpt":{"rendered":"<p>Durante la ma\u00f1ana del s\u00e1bado 2 de julio se llev\u00f3 adelante la jornada voluntaria de mantenimiento de bancos y aulas en su primera etapa para la cual se cont\u00f3 con la coordinaci\u00f3n general del Sr. Director Ingeniero Daniel Braghette y un grupo de alumnos de distintos cursos y divisiones quienes han demostrado un gran entusiasmo &hellip; <\/p>\n<p class=\"link-more\"><a href=\"https:\/\/eetn1.edu.ar\/?p=1389\" class=\"more-link\">Continuar leyendo<span class=\"screen-reader-text\"> \u00abJornada de Acondicionamiento \u00c1ulico\u00bb<\/span><\/a><\/p>\n","protected":false},"author":1,"featured_media":0,"comment_status":"closed","ping_status":"closed","sticky":false,"template":"","format":"standard","meta":{"om_disable_all_campaigns":false,"_monsterinsights_skip_tracking":false,"_monsterinsights_sitenote_active":false,"_monsterinsights_sitenote_note":"","_monsterinsights_sitenote_category":0,"_jetpack_memberships_contains_paid_content":false,"footnotes":""},"categories":[1],"tags":[],"class_list":["post-1389","post","type-post","status-publish","format-standard","hentry","category-institucionales-alumnos-padres-y-docentes"],"aioseo_notices":[],"jetpack_featured_media_url":"","jetpack_sharing_enabled":true,"_links":{"self":[{"href":"https:\/\/eetn1.edu.ar\/index.php?rest_route=\/wp\/v2\/posts\/1389","targetHints":{"allow":["GET"]}}],"collection":[{"href":"https:\/\/eetn1.edu.ar\/index.php?rest_route=\/wp\/v2\/posts"}],"about":[{"href":"https:\/\/eetn1.edu.ar\/index.php?rest_route=\/wp\/v2\/types\/post"}],"author":[{"embeddable":true,"href":"https:\/\/eetn1.edu.ar\/index.php?rest_route=\/wp\/v2\/users\/1"}],"replies":[{"embeddable":true,"href":"https:\/\/eetn1.edu.ar\/index.php?rest_route=%2Fwp%2Fv2%2Fcomments&post=1389"}],"version-history":[{"count":3,"href":"https:\/\/eetn1.edu.ar\/index.php?rest_route=\/wp\/v2\/posts\/1389\/revisions"}],"predecessor-version":[{"id":1392,"href":"https:\/\/eetn1.edu.ar\/index.php?rest_route=\/wp\/v2\/posts\/1389\/revisions\/1392"}],"wp:attachment":[{"href":"https:\/\/eetn1.edu.ar\/index.php?rest_route=%2Fwp%2Fv2%2Fmedia&parent=1389"}],"wp:term":[{"taxonomy":"category","embeddable":true,"href":"https:\/\/eetn1.edu.ar\/index.php?rest_route=%2Fwp%2Fv2%2Fcategories&post=1389"},{"taxonomy":"post_tag","embeddable":true,"href":"https:\/\/eetn1.edu.ar\/index.php?rest_route=%2Fwp%2Fv2%2Ftags&post=1389"}],"curies":[{"name":"wp","href":"https:\/\/api.w.org\/{rel}","templated":true}]}}