{"id":1565,"date":"2022-10-31T19:51:44","date_gmt":"2022-10-31T22:51:44","guid":{"rendered":"http:\/\/eetn1.edu.ar\/?p=1565"},"modified":"2022-10-31T19:55:35","modified_gmt":"2022-10-31T22:55:35","slug":"pre-inscripcion-para-hermanos-de-alumnos-y-familiares-del-personal-de-la-escuela","status":"publish","type":"post","link":"https:\/\/eetn1.edu.ar\/?p=1565","title":{"rendered":"Pre Inscripci\u00f3n para 1\u00ba a\u00f1o 2023 de hermanos de alumnos y familiares del personal de la Escuela"},"content":{"rendered":"\n<p>Informamos d\u00edas, horarios y documentaci\u00f3n a entregar en la Pre Inscripci\u00f3n para aspirantes a 1\u00ba a\u00f1o Ciclo 2023 de hermanos de alumnos y familiares del personal de la Escuela<\/p>\n\n\n\n<figure class=\"wp-block-image size-large\"><img loading=\"lazy\" decoding=\"async\" width=\"985\" height=\"1024\" src=\"https:\/\/eetn1.edu.ar\/wp-content\/uploads\/2022\/10\/WhatsApp-Image-2022-10-31-at-18.27.59-985x1024.jpeg\" alt=\"\" class=\"wp-image-1566\" srcset=\"https:\/\/eetn1.edu.ar\/wp-content\/uploads\/2022\/10\/WhatsApp-Image-2022-10-31-at-18.27.59-985x1024.jpeg 985w, https:\/\/eetn1.edu.ar\/wp-content\/uploads\/2022\/10\/WhatsApp-Image-2022-10-31-at-18.27.59-289x300.jpeg 289w, https:\/\/eetn1.edu.ar\/wp-content\/uploads\/2022\/10\/WhatsApp-Image-2022-10-31-at-18.27.59-768x799.jpeg 768w, https:\/\/eetn1.edu.ar\/wp-content\/uploads\/2022\/10\/WhatsApp-Image-2022-10-31-at-18.27.59.jpeg 1080w\" sizes=\"auto, (max-width: 767px) 89vw, (max-width: 1000px) 54vw, (max-width: 1071px) 543px, 580px\" \/><\/figure>\n\n\n\n<figure class=\"wp-block-image size-large\"><img loading=\"lazy\" decoding=\"async\" width=\"884\" height=\"1024\" src=\"https:\/\/eetn1.edu.ar\/wp-content\/uploads\/2022\/10\/WhatsApp-Image-2022-10-31-at-18.28.00-5-884x1024.jpeg\" alt=\"\" class=\"wp-image-1567\" srcset=\"https:\/\/eetn1.edu.ar\/wp-content\/uploads\/2022\/10\/WhatsApp-Image-2022-10-31-at-18.28.00-5-884x1024.jpeg 884w, https:\/\/eetn1.edu.ar\/wp-content\/uploads\/2022\/10\/WhatsApp-Image-2022-10-31-at-18.28.00-5-259x300.jpeg 259w, https:\/\/eetn1.edu.ar\/wp-content\/uploads\/2022\/10\/WhatsApp-Image-2022-10-31-at-18.28.00-5-768x890.jpeg 768w, https:\/\/eetn1.edu.ar\/wp-content\/uploads\/2022\/10\/WhatsApp-Image-2022-10-31-at-18.28.00-5.jpeg 1105w\" sizes=\"auto, (max-width: 767px) 89vw, (max-width: 1000px) 54vw, (max-width: 1071px) 543px, 580px\" \/><\/figure>\n\n\n\n<figure class=\"wp-block-image size-large\"><img loading=\"lazy\" decoding=\"async\" width=\"1004\" height=\"1024\" src=\"https:\/\/eetn1.edu.ar\/wp-content\/uploads\/2022\/10\/WhatsApp-Image-2022-10-31-at-18.28.00-1-4-1004x1024.jpeg\" alt=\"\" class=\"wp-image-1568\" srcset=\"https:\/\/eetn1.edu.ar\/wp-content\/uploads\/2022\/10\/WhatsApp-Image-2022-10-31-at-18.28.00-1-4-1004x1024.jpeg 1004w, https:\/\/eetn1.edu.ar\/wp-content\/uploads\/2022\/10\/WhatsApp-Image-2022-10-31-at-18.28.00-1-4-294x300.jpeg 294w, https:\/\/eetn1.edu.ar\/wp-content\/uploads\/2022\/10\/WhatsApp-Image-2022-10-31-at-18.28.00-1-4-768x783.jpeg 768w, https:\/\/eetn1.edu.ar\/wp-content\/uploads\/2022\/10\/WhatsApp-Image-2022-10-31-at-18.28.00-1-4.jpeg 1080w\" sizes=\"auto, (max-width: 767px) 89vw, (max-width: 1000px) 54vw, (max-width: 1071px) 543px, 580px\" \/><\/figure>\n\n\n\n\n\n<p><\/p>\n","protected":false},"excerpt":{"rendered":"<p>Informamos d\u00edas, horarios y documentaci\u00f3n a entregar en la Pre Inscripci\u00f3n para aspirantes a 1\u00ba a\u00f1o Ciclo 2023 de hermanos de alumnos y familiares del personal de la Escuela<\/p>\n","protected":false},"author":6,"featured_media":0,"comment_status":"closed","ping_status":"closed","sticky":false,"template":"","format":"standard","meta":{"om_disable_all_campaigns":false,"_monsterinsights_skip_tracking":false,"_monsterinsights_sitenote_active":false,"_monsterinsights_sitenote_note":"","_monsterinsights_sitenote_category":0,"_jetpack_memberships_contains_paid_content":false,"footnotes":""},"categories":[1],"tags":[],"class_list":["post-1565","post","type-post","status-publish","format-standard","hentry","category-institucionales-alumnos-padres-y-docentes"],"aioseo_notices":[],"jetpack_featured_media_url":"","jetpack_sharing_enabled":true,"_links":{"self":[{"href":"https:\/\/eetn1.edu.ar\/index.php?rest_route=\/wp\/v2\/posts\/1565","targetHints":{"allow":["GET"]}}],"collection":[{"href":"https:\/\/eetn1.edu.ar\/index.php?rest_route=\/wp\/v2\/posts"}],"about":[{"href":"https:\/\/eetn1.edu.ar\/index.php?rest_route=\/wp\/v2\/types\/post"}],"author":[{"embeddable":true,"href":"https:\/\/eetn1.edu.ar\/index.php?rest_route=\/wp\/v2\/users\/6"}],"replies":[{"embeddable":true,"href":"https:\/\/eetn1.edu.ar\/index.php?rest_route=%2Fwp%2Fv2%2Fcomments&post=1565"}],"version-history":[{"count":3,"href":"https:\/\/eetn1.edu.ar\/index.php?rest_route=\/wp\/v2\/posts\/1565\/revisions"}],"predecessor-version":[{"id":1571,"href":"https:\/\/eetn1.edu.ar\/index.php?rest_route=\/wp\/v2\/posts\/1565\/revisions\/1571"}],"wp:attachment":[{"href":"https:\/\/eetn1.edu.ar\/index.php?rest_route=%2Fwp%2Fv2%2Fmedia&parent=1565"}],"wp:term":[{"taxonomy":"category","embeddable":true,"href":"https:\/\/eetn1.edu.ar\/index.php?rest_route=%2Fwp%2Fv2%2Fcategories&post=1565"},{"taxonomy":"post_tag","embeddable":true,"href":"https:\/\/eetn1.edu.ar\/index.php?rest_route=%2Fwp%2Fv2%2Ftags&post=1565"}],"curies":[{"name":"wp","href":"https:\/\/api.w.org\/{rel}","templated":true}]}}