{"id":2065,"date":"2025-04-02T09:47:22","date_gmt":"2025-04-02T12:47:22","guid":{"rendered":"https:\/\/eetn1.edu.ar\/?p=2065"},"modified":"2025-04-02T09:47:26","modified_gmt":"2025-04-02T12:47:26","slug":"malvinassiemprecerca","status":"publish","type":"post","link":"https:\/\/eetn1.edu.ar\/?p=2065","title":{"rendered":"MalvinasSiempreCerca"},"content":{"rendered":"\n<p>Hoy recordamos y rendimos homenaje a las veteranas, los veteranos y los ca\u00eddos en la guerra de Malvinas. Ense\u00f1amos y aprendemos el mandato constitucional de la soberan\u00eda a trav\u00e9s de la diplomacia. \ud83e\ude75\ud83e\udd0d<\/p>\n\n\n\n<p>En #ContinuemosEstudiando est\u00e1n disponibles las propuestas para trabajar la efem\u00e9ride con las y los estudiantes: https:\/\/continuemosestudiando.abc.gob.ar\/tag\/malvinas\/<br \/>Repost @baeducacion<\/p>\n\n\n\n<h1 class=\"wp-block-heading\">MalvinasSiempreCerca<\/h1>\n\n\n\n<h1 class=\"wp-block-heading\">LasMalvinasSonArgentinas<\/h1>\n\n\n\n<figure class=\"wp-block-image size-large\"><img loading=\"lazy\" decoding=\"async\" width=\"240\" height=\"300\" src=\"https:\/\/eetn1.edu.ar\/wp-content\/uploads\/2025\/04\/fb_img_17435976940716660656617161956323-240x300.jpg\" alt=\"\" class=\"wp-image-2061\" srcset=\"https:\/\/eetn1.edu.ar\/wp-content\/uploads\/2025\/04\/fb_img_17435976940716660656617161956323-240x300.jpg 240w, https:\/\/eetn1.edu.ar\/wp-content\/uploads\/2025\/04\/fb_img_17435976940716660656617161956323.jpg 720w\" sizes=\"auto, (max-width: 240px) 100vw, 240px\" \/><\/figure>\n\n\n\n<figure class=\"wp-block-image\"><img loading=\"lazy\" decoding=\"async\" width=\"240\" height=\"300\" src=\"https:\/\/eetn1.edu.ar\/wp-content\/uploads\/2025\/04\/fb_img_17435976999274117630744910511913-240x300.jpg\" alt=\"\" class=\"wp-image-2063\" srcset=\"https:\/\/eetn1.edu.ar\/wp-content\/uploads\/2025\/04\/fb_img_17435976999274117630744910511913-240x300.jpg 240w, https:\/\/eetn1.edu.ar\/wp-content\/uploads\/2025\/04\/fb_img_17435976999274117630744910511913.jpg 720w\" sizes=\"auto, (max-width: 240px) 100vw, 240px\" \/><\/figure>\n\n\n\n<figure class=\"wp-block-image\"><img loading=\"lazy\" decoding=\"async\" width=\"240\" height=\"300\" src=\"https:\/\/eetn1.edu.ar\/wp-content\/uploads\/2025\/04\/fb_img_17435977052014163745634172065961-240x300.jpg\" alt=\"\" class=\"wp-image-2064\" srcset=\"https:\/\/eetn1.edu.ar\/wp-content\/uploads\/2025\/04\/fb_img_17435977052014163745634172065961-240x300.jpg 240w, https:\/\/eetn1.edu.ar\/wp-content\/uploads\/2025\/04\/fb_img_17435977052014163745634172065961.jpg 720w\" sizes=\"auto, (max-width: 240px) 100vw, 240px\" \/><\/figure>\n\n\n\n<figure class=\"wp-block-image\"><img loading=\"lazy\" decoding=\"async\" width=\"240\" height=\"300\" src=\"https:\/\/eetn1.edu.ar\/wp-content\/uploads\/2025\/04\/fb_img_17435977093644512158445025402958-240x300.jpg\" alt=\"\" class=\"wp-image-2062\" srcset=\"https:\/\/eetn1.edu.ar\/wp-content\/uploads\/2025\/04\/fb_img_17435977093644512158445025402958-240x300.jpg 240w, https:\/\/eetn1.edu.ar\/wp-content\/uploads\/2025\/04\/fb_img_17435977093644512158445025402958.jpg 720w\" sizes=\"auto, (max-width: 240px) 100vw, 240px\" \/><\/figure>\n","protected":false},"excerpt":{"rendered":"<p>Hoy recordamos y rendimos homenaje a las veteranas, los veteranos y los ca\u00eddos en la guerra de Malvinas. Ense\u00f1amos y aprendemos el mandato constitucional de la soberan\u00eda a trav\u00e9s de la diplomacia. \ud83e\ude75\ud83e\udd0d En #ContinuemosEstudiando est\u00e1n disponibles las propuestas para trabajar la efem\u00e9ride con las y los estudiantes: https:\/\/continuemosestudiando.abc.gob.ar\/tag\/malvinas\/Repost @baeducacion MalvinasSiempreCerca LasMalvinasSonArgentinas<\/p>\n","protected":false},"author":1,"featured_media":0,"comment_status":"closed","ping_status":"closed","sticky":false,"template":"","format":"standard","meta":{"om_disable_all_campaigns":false,"_monsterinsights_skip_tracking":false,"_monsterinsights_sitenote_active":false,"_monsterinsights_sitenote_note":"","_monsterinsights_sitenote_category":0,"_jetpack_memberships_contains_paid_content":false,"footnotes":""},"categories":[1],"tags":[],"class_list":["post-2065","post","type-post","status-publish","format-standard","hentry","category-institucionales-alumnos-padres-y-docentes"],"aioseo_notices":[],"jetpack_featured_media_url":"","jetpack_sharing_enabled":true,"_links":{"self":[{"href":"https:\/\/eetn1.edu.ar\/index.php?rest_route=\/wp\/v2\/posts\/2065","targetHints":{"allow":["GET"]}}],"collection":[{"href":"https:\/\/eetn1.edu.ar\/index.php?rest_route=\/wp\/v2\/posts"}],"about":[{"href":"https:\/\/eetn1.edu.ar\/index.php?rest_route=\/wp\/v2\/types\/post"}],"author":[{"embeddable":true,"href":"https:\/\/eetn1.edu.ar\/index.php?rest_route=\/wp\/v2\/users\/1"}],"replies":[{"embeddable":true,"href":"https:\/\/eetn1.edu.ar\/index.php?rest_route=%2Fwp%2Fv2%2Fcomments&post=2065"}],"version-history":[{"count":1,"href":"https:\/\/eetn1.edu.ar\/index.php?rest_route=\/wp\/v2\/posts\/2065\/revisions"}],"predecessor-version":[{"id":2066,"href":"https:\/\/eetn1.edu.ar\/index.php?rest_route=\/wp\/v2\/posts\/2065\/revisions\/2066"}],"wp:attachment":[{"href":"https:\/\/eetn1.edu.ar\/index.php?rest_route=%2Fwp%2Fv2%2Fmedia&parent=2065"}],"wp:term":[{"taxonomy":"category","embeddable":true,"href":"https:\/\/eetn1.edu.ar\/index.php?rest_route=%2Fwp%2Fv2%2Fcategories&post=2065"},{"taxonomy":"post_tag","embeddable":true,"href":"https:\/\/eetn1.edu.ar\/index.php?rest_route=%2Fwp%2Fv2%2Ftags&post=2065"}],"curies":[{"name":"wp","href":"https:\/\/api.w.org\/{rel}","templated":true}]}}