{"id":2130,"date":"2025-11-18T12:46:41","date_gmt":"2025-11-18T15:46:41","guid":{"rendered":"https:\/\/eetn1.edu.ar\/?p=2130"},"modified":"2025-11-18T12:46:54","modified_gmt":"2025-11-18T15:46:54","slug":"jornda-miercoles-19-11-2025","status":"publish","type":"post","link":"https:\/\/eetn1.edu.ar\/?p=2130","title":{"rendered":"Jornda mi\u00e9rcoles 19\/11\/2025"},"content":{"rendered":"\n<p>Estimadas familias, comunicamos que debido al paro de auxiliares con un 100% de acatamiento el d\u00eda mi\u00e9rcoles 19 de noviembre de 2025, se suspende la actividad pedag\u00f3gica presencial en los tres turno, por profilaxis atendiendo a las pol\u00edticas de cuidados vigentes y el plan de prevenci\u00f3n de riesgos. Clases de Educaci\u00f3n F\u00edsica normal en ambos turnos.<br>Retomando el jueves 20\/11 desde las 7:30hs. La escuela permanecer\u00e1 abierta con guardia minima de Equipo de conducci\u00f3n.<\/p>\n\n\n\n<p><\/p>\n","protected":false},"excerpt":{"rendered":"<p>Estimadas familias, comunicamos que debido al paro de auxiliares con un 100% de acatamiento el d\u00eda mi\u00e9rcoles 19 de noviembre de 2025, se suspende la actividad pedag\u00f3gica presencial en los tres turno, por profilaxis atendiendo a las pol\u00edticas de cuidados vigentes y el plan de prevenci\u00f3n de riesgos. Clases de Educaci\u00f3n F\u00edsica normal en ambos &hellip; <\/p>\n<p class=\"link-more\"><a href=\"https:\/\/eetn1.edu.ar\/?p=2130\" class=\"more-link\">Continuar leyendo<span class=\"screen-reader-text\"> \u00abJornda mi\u00e9rcoles 19\/11\/2025\u00bb<\/span><\/a><\/p>\n","protected":false},"author":1,"featured_media":0,"comment_status":"closed","ping_status":"closed","sticky":false,"template":"","format":"standard","meta":{"om_disable_all_campaigns":false,"_monsterinsights_skip_tracking":false,"_monsterinsights_sitenote_active":false,"_monsterinsights_sitenote_note":"","_monsterinsights_sitenote_category":0,"_jetpack_memberships_contains_paid_content":false,"footnotes":""},"categories":[1],"tags":[],"class_list":["post-2130","post","type-post","status-publish","format-standard","hentry","category-institucionales-alumnos-padres-y-docentes"],"aioseo_notices":[],"jetpack_featured_media_url":"","jetpack_sharing_enabled":true,"_links":{"self":[{"href":"https:\/\/eetn1.edu.ar\/index.php?rest_route=\/wp\/v2\/posts\/2130","targetHints":{"allow":["GET"]}}],"collection":[{"href":"https:\/\/eetn1.edu.ar\/index.php?rest_route=\/wp\/v2\/posts"}],"about":[{"href":"https:\/\/eetn1.edu.ar\/index.php?rest_route=\/wp\/v2\/types\/post"}],"author":[{"embeddable":true,"href":"https:\/\/eetn1.edu.ar\/index.php?rest_route=\/wp\/v2\/users\/1"}],"replies":[{"embeddable":true,"href":"https:\/\/eetn1.edu.ar\/index.php?rest_route=%2Fwp%2Fv2%2Fcomments&post=2130"}],"version-history":[{"count":1,"href":"https:\/\/eetn1.edu.ar\/index.php?rest_route=\/wp\/v2\/posts\/2130\/revisions"}],"predecessor-version":[{"id":2131,"href":"https:\/\/eetn1.edu.ar\/index.php?rest_route=\/wp\/v2\/posts\/2130\/revisions\/2131"}],"wp:attachment":[{"href":"https:\/\/eetn1.edu.ar\/index.php?rest_route=%2Fwp%2Fv2%2Fmedia&parent=2130"}],"wp:term":[{"taxonomy":"category","embeddable":true,"href":"https:\/\/eetn1.edu.ar\/index.php?rest_route=%2Fwp%2Fv2%2Fcategories&post=2130"},{"taxonomy":"post_tag","embeddable":true,"href":"https:\/\/eetn1.edu.ar\/index.php?rest_route=%2Fwp%2Fv2%2Ftags&post=2130"}],"curies":[{"name":"wp","href":"https:\/\/api.w.org\/{rel}","templated":true}]}}