{"id":2156,"date":"2026-03-17T11:00:28","date_gmt":"2026-03-17T14:00:28","guid":{"rendered":"https:\/\/eetn1.edu.ar\/?p=2156"},"modified":"2026-03-17T11:00:33","modified_gmt":"2026-03-17T14:00:33","slug":"suspension-turno-tarde-y-vespertino-para-el-17-3","status":"publish","type":"post","link":"https:\/\/eetn1.edu.ar\/?p=2156","title":{"rendered":"Suspensi\u00f3n turno tarde y vespertino para el 17\/3"},"content":{"rendered":"\n<p>Mail N\u00ba 573<br>Jefatura de Gesti\u00f3n Estatal Regi\u00f3n 19 comparte comunicaci\u00f3n vinculada a la suspensi\u00f3n de actividades del d\u00eda martes 17 de marzo en los turnos tarde y vespertino\/noche:<br>Las Jefaturas Regionales de Educaci\u00f3n de Gesti\u00f3n Estatal y de Gesti\u00f3n Privada, conjuntamente con la Jefatura Distrital de Educaci\u00f3n y el Consejo Escolar de General Pueyrredon, informan que, en funci\u00f3n de la situaci\u00f3n meteorol\u00f3gica y de las consideraciones realizadas por Defensa Civil y la Secretar\u00eda de Seguridad, y por decisi\u00f3n del Municipio, se dispone la suspensi\u00f3n del dictado de clases para el d\u00eda martes 17 de marzo, en el turno tarde y vespertino en todos los niveles y modalidades, tanto de gesti\u00f3n estatal como privada, continuando con la suspensi\u00f3n ya anunciada en el turno ma\u00f1ana.<br><br>Atentamente,<br><br>Diego Reinante<br>Inspector Jefe Regional de Gesti\u00f3n Estatal<br><br>Carolina Di Alessio<br>Inspectora Jefa Regional de Gesti\u00f3n Privada<br><br>Sebasti\u00e1n El\u00edas<br>Inspector Jefe Distrital<br><br>Celeste Bracciale<br>Presidenta del Consejo Escolar<br><br> <br> Atte.<br><br>Lic. Diego Reinante<br>Inspector Jefe &#8211; GE &#8211; Regi\u00f3n 19 <br>Direcci\u00f3n de Inspecci\u00f3n General<\/p>\n\n\n\n<p><\/p>\n","protected":false},"excerpt":{"rendered":"<p>Mail N\u00ba 573Jefatura de Gesti\u00f3n Estatal Regi\u00f3n 19 comparte comunicaci\u00f3n vinculada a la suspensi\u00f3n de actividades del d\u00eda martes 17 de marzo en los turnos tarde y vespertino\/noche:Las Jefaturas Regionales de Educaci\u00f3n de Gesti\u00f3n Estatal y de Gesti\u00f3n Privada, conjuntamente con la Jefatura Distrital de Educaci\u00f3n y el Consejo Escolar de General Pueyrredon, informan que, &hellip; <\/p>\n<p class=\"link-more\"><a href=\"https:\/\/eetn1.edu.ar\/?p=2156\" class=\"more-link\">Continuar leyendo<span class=\"screen-reader-text\"> \u00abSuspensi\u00f3n turno tarde y vespertino para el 17\/3\u00bb<\/span><\/a><\/p>\n","protected":false},"author":1,"featured_media":0,"comment_status":"closed","ping_status":"closed","sticky":false,"template":"","format":"standard","meta":{"om_disable_all_campaigns":false,"_monsterinsights_skip_tracking":false,"_monsterinsights_sitenote_active":false,"_monsterinsights_sitenote_note":"","_monsterinsights_sitenote_category":0,"_jetpack_memberships_contains_paid_content":false,"footnotes":""},"categories":[1],"tags":[],"class_list":["post-2156","post","type-post","status-publish","format-standard","hentry","category-institucionales-alumnos-padres-y-docentes"],"aioseo_notices":[],"jetpack_featured_media_url":"","jetpack_sharing_enabled":true,"_links":{"self":[{"href":"https:\/\/eetn1.edu.ar\/index.php?rest_route=\/wp\/v2\/posts\/2156","targetHints":{"allow":["GET"]}}],"collection":[{"href":"https:\/\/eetn1.edu.ar\/index.php?rest_route=\/wp\/v2\/posts"}],"about":[{"href":"https:\/\/eetn1.edu.ar\/index.php?rest_route=\/wp\/v2\/types\/post"}],"author":[{"embeddable":true,"href":"https:\/\/eetn1.edu.ar\/index.php?rest_route=\/wp\/v2\/users\/1"}],"replies":[{"embeddable":true,"href":"https:\/\/eetn1.edu.ar\/index.php?rest_route=%2Fwp%2Fv2%2Fcomments&post=2156"}],"version-history":[{"count":1,"href":"https:\/\/eetn1.edu.ar\/index.php?rest_route=\/wp\/v2\/posts\/2156\/revisions"}],"predecessor-version":[{"id":2157,"href":"https:\/\/eetn1.edu.ar\/index.php?rest_route=\/wp\/v2\/posts\/2156\/revisions\/2157"}],"wp:attachment":[{"href":"https:\/\/eetn1.edu.ar\/index.php?rest_route=%2Fwp%2Fv2%2Fmedia&parent=2156"}],"wp:term":[{"taxonomy":"category","embeddable":true,"href":"https:\/\/eetn1.edu.ar\/index.php?rest_route=%2Fwp%2Fv2%2Fcategories&post=2156"},{"taxonomy":"post_tag","embeddable":true,"href":"https:\/\/eetn1.edu.ar\/index.php?rest_route=%2Fwp%2Fv2%2Ftags&post=2156"}],"curies":[{"name":"wp","href":"https:\/\/api.w.org\/{rel}","templated":true}]}}