{"id":322,"date":"2019-11-19T14:05:43","date_gmt":"2019-11-19T17:05:43","guid":{"rendered":"http:\/\/eetn1.edu.ar\/?p=322"},"modified":"2019-11-23T10:14:01","modified_gmt":"2019-11-23T13:14:01","slug":"muestra-institucional","status":"publish","type":"post","link":"https:\/\/eetn1.edu.ar\/?p=322","title":{"rendered":"Muestra Institucional"},"content":{"rendered":"\n<p>Durante la jornada del viernes pasado se realiz\u00f3 la primer parte de la muestra de trabajos pr\u00e1cticos del ciclo superior<\/p>\n\n\n\n<p>Alumnos que participaron como colaboradores en la muestra<\/p>\n\n\n\n<p>Alumnos de Multimedios:Loana SuarezMilagros L\u00f3pezMarian ReynosoJoaqu\u00edn PioliTom\u00e1s CrosettaMariana RomeroMaximiliano PekerFranco Armedenho<\/p>\n\n\n\n<p>Alumnos especialidad Electr\u00f3nica:<\/p>\n\n\n\n<p>Angel Gabriel, Barra Facundo, Blas Kevin; Contreras Mendoza S. ,Maunier Alejo, Tesan Juan, Blanco Ivon. Mu\u00f1oz Amador Rocio.<\/p>\n\n\n\n<p>Alumnos Especia\u00f1idad Electromec\u00e1nica<\/p>\n\n\n\n<p> 6to EM: Sosa, Ziella, Formento, Ernaga, Crespo, romano, Cascallares, Dom\u00ednguez Soria, Rubio, 4edlich, Palacios Nicol y \u00d1arodi.7mo EM.Otero,Garc\u00eda,jal,Fern\u00e1ndez, Brito y adrober<\/p>\n\n\n\n<p><\/p>\n\n\n\n<p>Parte de los trabajos presentados a trav\u00e9s del siguiente <a href=\"http:\/\/photos.app.goo.gl\/pBm7zmffwuTcuuCN9\">enlace de foto<\/a>s<\/p>\n","protected":false},"excerpt":{"rendered":"<p>Durante la jornada del viernes pasado se realiz\u00f3 la primer parte de la muestra de trabajos pr\u00e1cticos del ciclo superior Alumnos que participaron como colaboradores en la muestra Alumnos de Multimedios:Loana SuarezMilagros L\u00f3pezMarian ReynosoJoaqu\u00edn PioliTom\u00e1s CrosettaMariana RomeroMaximiliano PekerFranco Armedenho Alumnos especialidad Electr\u00f3nica: Angel Gabriel, Barra Facundo, Blas Kevin; Contreras Mendoza S. ,Maunier Alejo, Tesan Juan, &hellip; <\/p>\n<p class=\"link-more\"><a href=\"https:\/\/eetn1.edu.ar\/?p=322\" class=\"more-link\">Continuar leyendo<span class=\"screen-reader-text\"> \u00abMuestra Institucional\u00bb<\/span><\/a><\/p>\n","protected":false},"author":1,"featured_media":0,"comment_status":"closed","ping_status":"closed","sticky":false,"template":"","format":"standard","meta":{"om_disable_all_campaigns":false,"_monsterinsights_skip_tracking":false,"_monsterinsights_sitenote_active":false,"_monsterinsights_sitenote_note":"","_monsterinsights_sitenote_category":0,"_jetpack_memberships_contains_paid_content":false,"footnotes":""},"categories":[1],"tags":[],"class_list":["post-322","post","type-post","status-publish","format-standard","hentry","category-institucionales-alumnos-padres-y-docentes"],"aioseo_notices":[],"jetpack_featured_media_url":"","jetpack_sharing_enabled":true,"_links":{"self":[{"href":"https:\/\/eetn1.edu.ar\/index.php?rest_route=\/wp\/v2\/posts\/322","targetHints":{"allow":["GET"]}}],"collection":[{"href":"https:\/\/eetn1.edu.ar\/index.php?rest_route=\/wp\/v2\/posts"}],"about":[{"href":"https:\/\/eetn1.edu.ar\/index.php?rest_route=\/wp\/v2\/types\/post"}],"author":[{"embeddable":true,"href":"https:\/\/eetn1.edu.ar\/index.php?rest_route=\/wp\/v2\/users\/1"}],"replies":[{"embeddable":true,"href":"https:\/\/eetn1.edu.ar\/index.php?rest_route=%2Fwp%2Fv2%2Fcomments&post=322"}],"version-history":[{"count":5,"href":"https:\/\/eetn1.edu.ar\/index.php?rest_route=\/wp\/v2\/posts\/322\/revisions"}],"predecessor-version":[{"id":345,"href":"https:\/\/eetn1.edu.ar\/index.php?rest_route=\/wp\/v2\/posts\/322\/revisions\/345"}],"wp:attachment":[{"href":"https:\/\/eetn1.edu.ar\/index.php?rest_route=%2Fwp%2Fv2%2Fmedia&parent=322"}],"wp:term":[{"taxonomy":"category","embeddable":true,"href":"https:\/\/eetn1.edu.ar\/index.php?rest_route=%2Fwp%2Fv2%2Fcategories&post=322"},{"taxonomy":"post_tag","embeddable":true,"href":"https:\/\/eetn1.edu.ar\/index.php?rest_route=%2Fwp%2Fv2%2Ftags&post=322"}],"curies":[{"name":"wp","href":"https:\/\/api.w.org\/{rel}","templated":true}]}}