{"id":340,"date":"2019-11-22T22:14:10","date_gmt":"2019-11-23T01:14:10","guid":{"rendered":"http:\/\/eetn1.edu.ar\/?p=340"},"modified":"2019-11-23T11:28:44","modified_gmt":"2019-11-23T14:28:44","slug":"muestra-institucional-2","status":"publish","type":"post","link":"https:\/\/eetn1.edu.ar\/?p=340","title":{"rendered":"Muestra Institucional"},"content":{"rendered":"\n<p>Durante la jordana de hoy contamos con la visita del Secretario Ejecutivo del Consejo Provincial de Educaci\u00f3n y Trabajo Sr. Gustavo \u00c1lvarez quien pudo recorrer cada stand y hablar con los estudiantes, junto a los directivos e inspectora que lo acompa\u00f1aron y nos felicito por el gran trabajo realizado.<\/p>\n\n\n\n<p>La escuela hace extensivo su reconocimiento a docentes y Jefes de \u00c1rea por el compromiso y trabajo realizado junto a los alumnos.<\/p>\n\n\n\n<figure class=\"wp-block-image\"><img loading=\"lazy\" decoding=\"async\" width=\"1080\" height=\"847\" src=\"http:\/\/eetn1.edu.ar\/wp-content\/uploads\/2019\/11\/20191122_221204.jpg\" alt=\"\" class=\"wp-image-339\" srcset=\"https:\/\/eetn1.edu.ar\/wp-content\/uploads\/2019\/11\/20191122_221204.jpg 1080w, https:\/\/eetn1.edu.ar\/wp-content\/uploads\/2019\/11\/20191122_221204-300x235.jpg 300w, https:\/\/eetn1.edu.ar\/wp-content\/uploads\/2019\/11\/20191122_221204-768x602.jpg 768w, https:\/\/eetn1.edu.ar\/wp-content\/uploads\/2019\/11\/20191122_221204-1024x803.jpg 1024w\" sizes=\"auto, (max-width: 767px) 89vw, (max-width: 1000px) 54vw, (max-width: 1071px) 543px, 580px\" \/><figcaption>Sr. Gustavo \u00c1lvarez, Director, Inspectora y Alumnos<\/figcaption><\/figure>\n\n\n\n<p>Ref. <a href=\"https:\/\/m.facebook.com\/story.php?story_fbid=2479705782340346&amp;id=100009028460301\">Face<\/a><\/p>\n","protected":false},"excerpt":{"rendered":"<p>Durante la jordana de hoy contamos con la visita del Secretario Ejecutivo del Consejo Provincial de Educaci\u00f3n y Trabajo Sr. Gustavo \u00c1lvarez quien pudo recorrer cada stand y hablar con los estudiantes, junto a los directivos e inspectora que lo acompa\u00f1aron y nos felicito por el gran trabajo realizado. La escuela hace extensivo su reconocimiento &hellip; <\/p>\n<p class=\"link-more\"><a href=\"https:\/\/eetn1.edu.ar\/?p=340\" class=\"more-link\">Continuar leyendo<span class=\"screen-reader-text\"> \u00abMuestra Institucional\u00bb<\/span><\/a><\/p>\n","protected":false},"author":1,"featured_media":0,"comment_status":"closed","ping_status":"closed","sticky":false,"template":"","format":"standard","meta":{"om_disable_all_campaigns":false,"_monsterinsights_skip_tracking":false,"_monsterinsights_sitenote_active":false,"_monsterinsights_sitenote_note":"","_monsterinsights_sitenote_category":0,"_jetpack_memberships_contains_paid_content":false,"footnotes":""},"categories":[1],"tags":[],"class_list":["post-340","post","type-post","status-publish","format-standard","hentry","category-institucionales-alumnos-padres-y-docentes"],"aioseo_notices":[],"jetpack_featured_media_url":"","jetpack_sharing_enabled":true,"_links":{"self":[{"href":"https:\/\/eetn1.edu.ar\/index.php?rest_route=\/wp\/v2\/posts\/340","targetHints":{"allow":["GET"]}}],"collection":[{"href":"https:\/\/eetn1.edu.ar\/index.php?rest_route=\/wp\/v2\/posts"}],"about":[{"href":"https:\/\/eetn1.edu.ar\/index.php?rest_route=\/wp\/v2\/types\/post"}],"author":[{"embeddable":true,"href":"https:\/\/eetn1.edu.ar\/index.php?rest_route=\/wp\/v2\/users\/1"}],"replies":[{"embeddable":true,"href":"https:\/\/eetn1.edu.ar\/index.php?rest_route=%2Fwp%2Fv2%2Fcomments&post=340"}],"version-history":[{"count":3,"href":"https:\/\/eetn1.edu.ar\/index.php?rest_route=\/wp\/v2\/posts\/340\/revisions"}],"predecessor-version":[{"id":347,"href":"https:\/\/eetn1.edu.ar\/index.php?rest_route=\/wp\/v2\/posts\/340\/revisions\/347"}],"wp:attachment":[{"href":"https:\/\/eetn1.edu.ar\/index.php?rest_route=%2Fwp%2Fv2%2Fmedia&parent=340"}],"wp:term":[{"taxonomy":"category","embeddable":true,"href":"https:\/\/eetn1.edu.ar\/index.php?rest_route=%2Fwp%2Fv2%2Fcategories&post=340"},{"taxonomy":"post_tag","embeddable":true,"href":"https:\/\/eetn1.edu.ar\/index.php?rest_route=%2Fwp%2Fv2%2Ftags&post=340"}],"curies":[{"name":"wp","href":"https:\/\/api.w.org\/{rel}","templated":true}]}}