{"id":743,"date":"2020-07-06T10:33:20","date_gmt":"2020-07-06T13:33:20","guid":{"rendered":"http:\/\/eetn1.edu.ar\/?p=743"},"modified":"2020-07-06T10:33:20","modified_gmt":"2020-07-06T13:33:20","slug":"taller-sobre-emociones-2","status":"publish","type":"post","link":"https:\/\/eetn1.edu.ar\/?p=743","title":{"rendered":"Taller sobre emociones"},"content":{"rendered":"\n<p>Queremos invitarlxs ma\u00f1ana martes 7 de julio a las 17hs a un taller que haremos por zoom.<br>En estos d\u00edas de cuarententa nos van ocurriendo muchas situaciones distintas, algunas que nos generan distintas emociones y otras que ven\u00edamos viviendo desde antes pero que en este contexto parecen afectarnos m\u00e1s.<br>El taller apunta a compartir esto que nos pasa y generar un espacio de acompa\u00f1amiento, desconectar un poco de nuestro d\u00eda a d\u00eda y ver que hay otros que est\u00e1n en la misma que nosotros.<br>Para inscribirte deb\u00e9s ingresar a <a href=\"http:\/\/www.pips-a.com\/taller\">www.pips-a.com\/taller<\/a><br>Te esperamos!!<\/p>\n\n\n\n<figure class=\"wp-block-image size-large\"><img loading=\"lazy\" decoding=\"async\" width=\"1024\" height=\"1024\" src=\"http:\/\/eetn1.edu.ar\/wp-content\/uploads\/2020\/06\/WhatsApp-Image-2020-06-16-at-11.30.33-1024x1024.jpeg\" alt=\"\" class=\"wp-image-723\" srcset=\"https:\/\/eetn1.edu.ar\/wp-content\/uploads\/2020\/06\/WhatsApp-Image-2020-06-16-at-11.30.33-1024x1024.jpeg 1024w, https:\/\/eetn1.edu.ar\/wp-content\/uploads\/2020\/06\/WhatsApp-Image-2020-06-16-at-11.30.33-300x300.jpeg 300w, https:\/\/eetn1.edu.ar\/wp-content\/uploads\/2020\/06\/WhatsApp-Image-2020-06-16-at-11.30.33-150x150.jpeg 150w, https:\/\/eetn1.edu.ar\/wp-content\/uploads\/2020\/06\/WhatsApp-Image-2020-06-16-at-11.30.33-768x768.jpeg 768w, https:\/\/eetn1.edu.ar\/wp-content\/uploads\/2020\/06\/WhatsApp-Image-2020-06-16-at-11.30.33-100x100.jpeg 100w, https:\/\/eetn1.edu.ar\/wp-content\/uploads\/2020\/06\/WhatsApp-Image-2020-06-16-at-11.30.33.jpeg 1080w\" sizes=\"auto, (max-width: 767px) 89vw, (max-width: 1000px) 54vw, (max-width: 1071px) 543px, 580px\" \/><\/figure>\n","protected":false},"excerpt":{"rendered":"<p>Queremos invitarlxs ma\u00f1ana martes 7 de julio a las 17hs a un taller que haremos por zoom.En estos d\u00edas de cuarententa nos van ocurriendo muchas situaciones distintas, algunas que nos generan distintas emociones y otras que ven\u00edamos viviendo desde antes pero que en este contexto parecen afectarnos m\u00e1s.El taller apunta a compartir esto que nos &hellip; <\/p>\n<p class=\"link-more\"><a href=\"https:\/\/eetn1.edu.ar\/?p=743\" class=\"more-link\">Continuar leyendo<span class=\"screen-reader-text\"> \u00abTaller sobre emociones\u00bb<\/span><\/a><\/p>\n","protected":false},"author":1,"featured_media":0,"comment_status":"closed","ping_status":"closed","sticky":false,"template":"","format":"standard","meta":{"om_disable_all_campaigns":false,"_monsterinsights_skip_tracking":false,"_monsterinsights_sitenote_active":false,"_monsterinsights_sitenote_note":"","_monsterinsights_sitenote_category":0,"_jetpack_memberships_contains_paid_content":false,"footnotes":""},"categories":[1],"tags":[],"class_list":["post-743","post","type-post","status-publish","format-standard","hentry","category-institucionales-alumnos-padres-y-docentes"],"aioseo_notices":[],"jetpack_featured_media_url":"","jetpack_sharing_enabled":true,"_links":{"self":[{"href":"https:\/\/eetn1.edu.ar\/index.php?rest_route=\/wp\/v2\/posts\/743","targetHints":{"allow":["GET"]}}],"collection":[{"href":"https:\/\/eetn1.edu.ar\/index.php?rest_route=\/wp\/v2\/posts"}],"about":[{"href":"https:\/\/eetn1.edu.ar\/index.php?rest_route=\/wp\/v2\/types\/post"}],"author":[{"embeddable":true,"href":"https:\/\/eetn1.edu.ar\/index.php?rest_route=\/wp\/v2\/users\/1"}],"replies":[{"embeddable":true,"href":"https:\/\/eetn1.edu.ar\/index.php?rest_route=%2Fwp%2Fv2%2Fcomments&post=743"}],"version-history":[{"count":1,"href":"https:\/\/eetn1.edu.ar\/index.php?rest_route=\/wp\/v2\/posts\/743\/revisions"}],"predecessor-version":[{"id":744,"href":"https:\/\/eetn1.edu.ar\/index.php?rest_route=\/wp\/v2\/posts\/743\/revisions\/744"}],"wp:attachment":[{"href":"https:\/\/eetn1.edu.ar\/index.php?rest_route=%2Fwp%2Fv2%2Fmedia&parent=743"}],"wp:term":[{"taxonomy":"category","embeddable":true,"href":"https:\/\/eetn1.edu.ar\/index.php?rest_route=%2Fwp%2Fv2%2Fcategories&post=743"},{"taxonomy":"post_tag","embeddable":true,"href":"https:\/\/eetn1.edu.ar\/index.php?rest_route=%2Fwp%2Fv2%2Ftags&post=743"}],"curies":[{"name":"wp","href":"https:\/\/api.w.org\/{rel}","templated":true}]}}