{"id":762,"date":"2020-08-17T13:41:58","date_gmt":"2020-08-17T16:41:58","guid":{"rendered":"http:\/\/eetn1.edu.ar\/?p=762"},"modified":"2020-08-18T19:07:05","modified_gmt":"2020-08-18T22:07:05","slug":"17-de-agosto-paso-a-la-inmortalidad-del-gral-jose-de-san-martin","status":"publish","type":"post","link":"https:\/\/eetn1.edu.ar\/?p=762","title":{"rendered":"17 DE AGOSTO PASO A LA INMORTALIDAD DEL GRAL. JOS\u00c9 DE SAN MART\u00cdN"},"content":{"rendered":"\n<p>Acto conjunto de alumnos en coordinaci\u00f3n con el centro de estudiantes y la participaci\u00f3n especial de Prof. Emiliano Vena y la Prec. Prof. Graciela Formoso.<\/p>\n\n\n\n<figure class=\"wp-block-embed-youtube wp-block-embed is-type-video is-provider-youtube wp-embed-aspect-4-3 wp-has-aspect-ratio\"><div class=\"wp-block-embed__wrapper\">\n<iframe loading=\"lazy\" title=\"ACTO 17 DE AGOSTO realizaci\u00f3n con el centro de estudiantes EEST nro1\" width=\"525\" height=\"394\" src=\"https:\/\/www.youtube.com\/embed\/Yq_SxyudKKc?feature=oembed\" frameborder=\"0\" allow=\"accelerometer; autoplay; clipboard-write; encrypted-media; gyroscope; picture-in-picture; web-share\" referrerpolicy=\"strict-origin-when-cross-origin\" allowfullscreen><\/iframe>\n<\/div><figcaption>Presentaci\u00f3n de alumnos en conjunto con el centro de estudiantes y colaboraci\u00f3n especial del Prof. E. Vena<\/figcaption><\/figure>\n\n\n\n<figure class=\"wp-block-embed-youtube wp-block-embed is-type-video is-provider-youtube wp-embed-aspect-16-9 wp-has-aspect-ratio\"><div class=\"wp-block-embed__wrapper\">\n<iframe loading=\"lazy\" title=\"17 de agosto paso a la inmortalidad de nuestro Gral. Don Jos\u00e9 de San Mart\u00edn\" width=\"525\" height=\"295\" src=\"https:\/\/www.youtube.com\/embed\/dHmuFMafolY?feature=oembed\" frameborder=\"0\" allow=\"accelerometer; autoplay; clipboard-write; encrypted-media; gyroscope; picture-in-picture; web-share\" referrerpolicy=\"strict-origin-when-cross-origin\" allowfullscreen><\/iframe>\n<\/div><figcaption>rese\u00f1a audio-visual<\/figcaption><\/figure>\n\n\n\n<p>Acompa\u00f1amos la presente conmemoraci\u00f3n con una peque\u00f1a rese\u00f1a audio-visual y una propuesta l\u00fadica sobre cuanto sabes de Don Jos\u00e9.<\/p>\n\n\n\n<p><a href=\"https:\/\/mobbyt.com\/videojuego\/educativo\/?Id=51040\">https:\/\/mobbyt.com\/videojuego\/educativo\/?Id=51040<\/a> Jug\u00e1, divi\u00e9rtete y aprend\u00e9. Un juego para saber cu\u00e1nto sabes de San Mart\u00edn Tem\u00e1ticas: Historia San Mart\u00edn, 17 de agosto.<\/p>\n\n\n\n<p><\/p>\n","protected":false},"excerpt":{"rendered":"<p>Acto conjunto de alumnos en coordinaci\u00f3n con el centro de estudiantes y la participaci\u00f3n especial de Prof. Emiliano Vena y la Prec. Prof. Graciela Formoso. Acompa\u00f1amos la presente conmemoraci\u00f3n con una peque\u00f1a rese\u00f1a audio-visual y una propuesta l\u00fadica sobre cuanto sabes de Don Jos\u00e9. https:\/\/mobbyt.com\/videojuego\/educativo\/?Id=51040 Jug\u00e1, divi\u00e9rtete y aprend\u00e9. Un juego para saber cu\u00e1nto sabes &hellip; <\/p>\n<p class=\"link-more\"><a href=\"https:\/\/eetn1.edu.ar\/?p=762\" class=\"more-link\">Continuar leyendo<span class=\"screen-reader-text\"> \u00ab17 DE AGOSTO PASO A LA INMORTALIDAD DEL GRAL. JOS\u00c9 DE SAN MART\u00cdN\u00bb<\/span><\/a><\/p>\n","protected":false},"author":1,"featured_media":0,"comment_status":"closed","ping_status":"closed","sticky":false,"template":"","format":"standard","meta":{"om_disable_all_campaigns":false,"_monsterinsights_skip_tracking":false,"_monsterinsights_sitenote_active":false,"_monsterinsights_sitenote_note":"","_monsterinsights_sitenote_category":0,"_jetpack_memberships_contains_paid_content":false,"footnotes":""},"categories":[1],"tags":[],"class_list":["post-762","post","type-post","status-publish","format-standard","hentry","category-institucionales-alumnos-padres-y-docentes"],"aioseo_notices":[],"jetpack_featured_media_url":"","jetpack_sharing_enabled":true,"_links":{"self":[{"href":"https:\/\/eetn1.edu.ar\/index.php?rest_route=\/wp\/v2\/posts\/762","targetHints":{"allow":["GET"]}}],"collection":[{"href":"https:\/\/eetn1.edu.ar\/index.php?rest_route=\/wp\/v2\/posts"}],"about":[{"href":"https:\/\/eetn1.edu.ar\/index.php?rest_route=\/wp\/v2\/types\/post"}],"author":[{"embeddable":true,"href":"https:\/\/eetn1.edu.ar\/index.php?rest_route=\/wp\/v2\/users\/1"}],"replies":[{"embeddable":true,"href":"https:\/\/eetn1.edu.ar\/index.php?rest_route=%2Fwp%2Fv2%2Fcomments&post=762"}],"version-history":[{"count":5,"href":"https:\/\/eetn1.edu.ar\/index.php?rest_route=\/wp\/v2\/posts\/762\/revisions"}],"predecessor-version":[{"id":767,"href":"https:\/\/eetn1.edu.ar\/index.php?rest_route=\/wp\/v2\/posts\/762\/revisions\/767"}],"wp:attachment":[{"href":"https:\/\/eetn1.edu.ar\/index.php?rest_route=%2Fwp%2Fv2%2Fmedia&parent=762"}],"wp:term":[{"taxonomy":"category","embeddable":true,"href":"https:\/\/eetn1.edu.ar\/index.php?rest_route=%2Fwp%2Fv2%2Fcategories&post=762"},{"taxonomy":"post_tag","embeddable":true,"href":"https:\/\/eetn1.edu.ar\/index.php?rest_route=%2Fwp%2Fv2%2Ftags&post=762"}],"curies":[{"name":"wp","href":"https:\/\/api.w.org\/{rel}","templated":true}]}}