{"id":984,"date":"2021-05-25T01:23:37","date_gmt":"2021-05-25T04:23:37","guid":{"rendered":"https:\/\/eetn1.edu.ar\/?p=984"},"modified":"2021-05-25T01:42:51","modified_gmt":"2021-05-25T04:42:51","slug":"25-de-mayo-revolucion-de-mayo","status":"publish","type":"post","link":"https:\/\/eetn1.edu.ar\/?p=984","title":{"rendered":"25 de Mayo: Revoluci\u00f3n de Mayo"},"content":{"rendered":"\n<p>La Revoluci\u00f3n de Mayo es un acontecimiento bisagra en la historia de nuestro pa\u00eds. El 25 de mayo, en una lluviosa jornada, un grupo de patriotas traz\u00f3 el camino de la Independencia. El pueblo acompa\u00f1\u00f3 en la Plaza y alumbr\u00f3 la idea de ser libre e independiente, protagonista y art\u00edfice de su propio destino.<\/p>\n\n\n\n<figure class=\"wp-block-gallery columns-1 is-cropped wp-block-gallery-1 is-layout-flex wp-block-gallery-is-layout-flex\"><ul class=\"blocks-gallery-grid\"><li class=\"blocks-gallery-item\"><figure><img loading=\"lazy\" decoding=\"async\" width=\"678\" height=\"381\" src=\"https:\/\/eetn1.edu.ar\/wp-content\/uploads\/2021\/05\/20160524_083122-678x381960373466782054882-1.png\" data-id=\"983\" class=\"wp-image-983\" srcset=\"https:\/\/eetn1.edu.ar\/wp-content\/uploads\/2021\/05\/20160524_083122-678x381960373466782054882-1.png 678w, https:\/\/eetn1.edu.ar\/wp-content\/uploads\/2021\/05\/20160524_083122-678x381960373466782054882-1-300x169.png 300w\" sizes=\"auto, (max-width: 678px) 100vw, 678px\" \/><\/figure><\/li><\/ul><\/figure>\n\n\n\n<figure class=\"wp-block-video\"><video height=\"640\" style=\"aspect-ratio: 352 \/ 640;\" width=\"352\" controls src=\"https:\/\/eetn1.edu.ar\/wp-content\/uploads\/2021\/05\/2021-05-25.mp4\"><\/video><figcaption>Nueva bandera en la entrada del establecimiento.<\/figcaption><\/figure>\n","protected":false},"excerpt":{"rendered":"<p>La Revoluci\u00f3n de Mayo es un acontecimiento bisagra en la historia de nuestro pa\u00eds. El 25 de mayo, en una lluviosa jornada, un grupo de patriotas traz\u00f3 el camino de la Independencia. El pueblo acompa\u00f1\u00f3 en la Plaza y alumbr\u00f3 la idea de ser libre e independiente, protagonista y art\u00edfice de su propio destino.<\/p>\n","protected":false},"author":1,"featured_media":0,"comment_status":"closed","ping_status":"closed","sticky":false,"template":"","format":"standard","meta":{"om_disable_all_campaigns":false,"_monsterinsights_skip_tracking":false,"_monsterinsights_sitenote_active":false,"_monsterinsights_sitenote_note":"","_monsterinsights_sitenote_category":0,"_jetpack_memberships_contains_paid_content":false,"footnotes":""},"categories":[1],"tags":[],"class_list":["post-984","post","type-post","status-publish","format-standard","hentry","category-institucionales-alumnos-padres-y-docentes"],"aioseo_notices":[],"jetpack_featured_media_url":"","jetpack_sharing_enabled":true,"_links":{"self":[{"href":"https:\/\/eetn1.edu.ar\/index.php?rest_route=\/wp\/v2\/posts\/984","targetHints":{"allow":["GET"]}}],"collection":[{"href":"https:\/\/eetn1.edu.ar\/index.php?rest_route=\/wp\/v2\/posts"}],"about":[{"href":"https:\/\/eetn1.edu.ar\/index.php?rest_route=\/wp\/v2\/types\/post"}],"author":[{"embeddable":true,"href":"https:\/\/eetn1.edu.ar\/index.php?rest_route=\/wp\/v2\/users\/1"}],"replies":[{"embeddable":true,"href":"https:\/\/eetn1.edu.ar\/index.php?rest_route=%2Fwp%2Fv2%2Fcomments&post=984"}],"version-history":[{"count":3,"href":"https:\/\/eetn1.edu.ar\/index.php?rest_route=\/wp\/v2\/posts\/984\/revisions"}],"predecessor-version":[{"id":990,"href":"https:\/\/eetn1.edu.ar\/index.php?rest_route=\/wp\/v2\/posts\/984\/revisions\/990"}],"wp:attachment":[{"href":"https:\/\/eetn1.edu.ar\/index.php?rest_route=%2Fwp%2Fv2%2Fmedia&parent=984"}],"wp:term":[{"taxonomy":"category","embeddable":true,"href":"https:\/\/eetn1.edu.ar\/index.php?rest_route=%2Fwp%2Fv2%2Fcategories&post=984"},{"taxonomy":"post_tag","embeddable":true,"href":"https:\/\/eetn1.edu.ar\/index.php?rest_route=%2Fwp%2Fv2%2Ftags&post=984"}],"curies":[{"name":"wp","href":"https:\/\/api.w.org\/{rel}","templated":true}]}}